{"id":867,"date":"2018-10-05T14:57:31","date_gmt":"2018-10-05T13:57:31","guid":{"rendered":"http:\/\/www.ogv-schussenried.de\/?p=867"},"modified":"2018-10-05T14:57:31","modified_gmt":"2018-10-05T13:57:31","slug":"mein-garten-summt-ein-platz-fuer-bienen-schmetterlinge-und-hummeln","status":"publish","type":"post","link":"https:\/\/www.ogv-schussenried.de\/wordpress\/blog\/2018\/10\/05\/mein-garten-summt-ein-platz-fuer-bienen-schmetterlinge-und-hummeln\/","title":{"rendered":"Mein Garten summt &#8211; Ein Platz f\u00fcr Bienen, Schmetterlinge und Hummeln"},"content":{"rendered":"<p>Ohne Wild- und Honigbienen g\u00e4be es kein Obst, kein Gem\u00fcse und keine Blumen. Doch unsere Insektenwelt steckt in ernsthaften Schwierigkeiten. Von 1989 bis 2016 ist der Bestand an Insekten um mehr als 70% zur\u00fcckgegangen. Ein Grund hierf\u00fcr ist die zunehmende Homogenit\u00e4t unserer Landschaft aber auch unserer G\u00e4rten. Was uns als unaufger\u00e4umt und wild gilt, ist f\u00fcr Insekten das wahre Paradies. Als Einzelner haben wir wenig Einfluss auf die Strukturvielfalt in der freien Landschaft. Aber in unseren G\u00e4rten haben wir die M\u00f6glichkeit etwas zu ver\u00e4ndern. Wer einen Garten hat, kann deshalb viel f\u00fcr den Erhalt der n\u00fctzlichen Insekten tun.<\/p>\n<p>Die Frage, die sich viele stellen: wie muss mein Garten denn konkret aussehen, damit sich Insekten und andere Tiere wohlf\u00fchlen? Reicht es schon ein paar Margeriten im Rasen stehen zu lassen oder bedarf es doch einer gr\u00f6\u00dferen Umgestaltung?<\/p>\n<p>Um diese und andere Fragen rund um das Thema insektenfreundlicher Garten zu beantworten hat der Obst- und Gartenbauverein Bad Schussenried zusammen mit der NABU Ortsgruppe die Landschaftsarchitektin Simone Kern eingeladen. Simone Kern engagiert sich im \u201eNetzwerk bl\u00fchende Landschaften\u201c und ist Autorin des mit dem gartenbuch-Preis ausgezeichneten und vom NABU empfohlenen Buches \u201eMein Garten summt \u2013 Ein Platz f\u00fcr Bienen, Schmetterlinge und Hummeln\u201c. In ihrem Vortrag verr\u00e4t sie uns wie man seinen Garten attraktiv f\u00fcr Insekten macht und in ein bl\u00fctenreiches Paradies verwandelt. Ihre \u00dcberzeugung: ein insektenfreundlicher Garten l\u00e4sst sich \u00fcberall verwirklichen.<\/p>\n<p>&nbsp;<\/p>\n<p>Vortrag von Landschaftsarchitektin Simone Kern<\/p>\n<p>Dienstag 30. Oktober 2018 19:00 Uhr<\/p>\n<p>Foyer der Stadthalle 88427 Bad Schussenried, Schulstr. 22<\/p>\n<p>Kosten 4,- \u20ac (2,- \u20ac Mitglieder OGV oder NABU)<\/p>\n<p>&nbsp;<\/p>\n<p>&nbsp;<\/p>\n<p><strong>\u00a0<\/strong><\/p>\n","protected":false},"excerpt":{"rendered":"<p>Ohne Wild- und Honigbienen g\u00e4be es kein Obst, kein Gem\u00fcse und keine Blumen. Doch unsere Insektenwelt steckt in ernsthaften Schwierigkeiten. Von 1989 bis 2016 ist der Bestand an Insekten um <a href=\"https:\/\/www.ogv-schussenried.de\/wordpress\/blog\/2018\/10\/05\/mein-garten-summt-ein-platz-fuer-bienen-schmetterlinge-und-hummeln\/\" class=\"more-link\">[&hellip;]<\/a><\/p>\n","protected":false},"author":2,"featured_media":0,"comment_status":"closed","ping_status":"closed","sticky":false,"template":"","format":"standard","meta":{"Layout":"","footnotes":""},"categories":[3],"tags":[],"class_list":["entry","author-ogv","post-867","post","type-post","status-publish","format-standard","category-aktuelles"],"_links":{"self":[{"href":"https:\/\/www.ogv-schussenried.de\/wordpress\/wp-json\/wp\/v2\/posts\/867","targetHints":{"allow":["GET"]}}],"collection":[{"href":"https:\/\/www.ogv-schussenried.de\/wordpress\/wp-json\/wp\/v2\/posts"}],"about":[{"href":"https:\/\/www.ogv-schussenried.de\/wordpress\/wp-json\/wp\/v2\/types\/post"}],"author":[{"embeddable":true,"href":"https:\/\/www.ogv-schussenried.de\/wordpress\/wp-json\/wp\/v2\/users\/2"}],"replies":[{"embeddable":true,"href":"https:\/\/www.ogv-schussenried.de\/wordpress\/wp-json\/wp\/v2\/comments?post=867"}],"version-history":[{"count":1,"href":"https:\/\/www.ogv-schussenried.de\/wordpress\/wp-json\/wp\/v2\/posts\/867\/revisions"}],"predecessor-version":[{"id":868,"href":"https:\/\/www.ogv-schussenried.de\/wordpress\/wp-json\/wp\/v2\/posts\/867\/revisions\/868"}],"wp:attachment":[{"href":"https:\/\/www.ogv-schussenried.de\/wordpress\/wp-json\/wp\/v2\/media?parent=867"}],"wp:term":[{"taxonomy":"category","embeddable":true,"href":"https:\/\/www.ogv-schussenried.de\/wordpress\/wp-json\/wp\/v2\/categories?post=867"},{"taxonomy":"post_tag","embeddable":true,"href":"https:\/\/www.ogv-schussenried.de\/wordpress\/wp-json\/wp\/v2\/tags?post=867"}],"curies":[{"name":"wp","href":"https:\/\/api.w.org\/{rel}","templated":true}]}}