{"id":1036,"date":"2026-03-12T11:17:28","date_gmt":"2026-03-12T10:17:28","guid":{"rendered":"https:\/\/www.ogv-schussenried.de\/wordpress\/?p=1036"},"modified":"2026-03-12T11:18:07","modified_gmt":"2026-03-12T10:18:07","slug":"gartenarbeiten-im-maerz","status":"publish","type":"post","link":"https:\/\/www.ogv-schussenried.de\/wordpress\/blog\/2026\/03\/12\/gartenarbeiten-im-maerz\/","title":{"rendered":"Gartenarbeiten im M\u00e4rz"},"content":{"rendered":"\n<p>Der M\u00e4rz ist der offizielle Startschuss f\u00fcr das Gartenjahr. Jetzt werden die Weichen gestellt, damit das gr\u00fcne Wohnzimmer im Sommer in voller Pracht erbl\u00fcht.<\/p>\n\n\n\n<ul class=\"wp-block-list\">\n<li>Abgestorbene Staudenreste und Gr\u00e4ser k\u00f6nnen nun zur\u00fcckgeschnitten werden \u2013 aber Vorsicht: Pr\u00fcfen Sie vorher, ob sich noch n\u00fctzliche Insekten in den hohlen St\u00e4ngeln verstecken. Sobald der Boden frostfrei und abgetrocknet ist, freut er sich \u00fcber eine Lockerung mit der Grabegabel und eine erste Portion organischen D\u00fcnger oder reifen Kompost.<\/li>\n\n\n\n<li>Tomaten, Paprika und Chili ben\u00f6tigen jetzt die W\u00e4rme auf der Fensterbank, um rechtzeitig kr\u00e4ftig zu werden. Im Freiland d\u00fcrfen robuste Gesellen wie Radieschen, Spinat und Erbsen bereits unter Vlies oder ins Fr\u00fchbeet wandern.\u00a0<\/li>\n\n\n\n<li>Rosen sollten dann geschnitten werden, wenn die Forsythien bl\u00fchen \u2013 das ist das traditionelle Zeichen der Natur f\u00fcr den Hauptschnitt.<\/li>\n<\/ul>\n","protected":false},"excerpt":{"rendered":"<p>Der M\u00e4rz ist der offizielle Startschuss f\u00fcr das Gartenjahr. Jetzt werden die Weichen gestellt, damit das gr\u00fcne Wohnzimmer im Sommer in voller Pracht erbl\u00fcht.<\/p>\n","protected":false},"author":2,"featured_media":0,"comment_status":"closed","ping_status":"closed","sticky":false,"template":"","format":"standard","meta":{"Layout":"","footnotes":""},"categories":[3],"tags":[],"class_list":["entry","author-ogv","post-1036","post","type-post","status-publish","format-standard","category-aktuelles"],"_links":{"self":[{"href":"https:\/\/www.ogv-schussenried.de\/wordpress\/wp-json\/wp\/v2\/posts\/1036","targetHints":{"allow":["GET"]}}],"collection":[{"href":"https:\/\/www.ogv-schussenried.de\/wordpress\/wp-json\/wp\/v2\/posts"}],"about":[{"href":"https:\/\/www.ogv-schussenried.de\/wordpress\/wp-json\/wp\/v2\/types\/post"}],"author":[{"embeddable":true,"href":"https:\/\/www.ogv-schussenried.de\/wordpress\/wp-json\/wp\/v2\/users\/2"}],"replies":[{"embeddable":true,"href":"https:\/\/www.ogv-schussenried.de\/wordpress\/wp-json\/wp\/v2\/comments?post=1036"}],"version-history":[{"count":1,"href":"https:\/\/www.ogv-schussenried.de\/wordpress\/wp-json\/wp\/v2\/posts\/1036\/revisions"}],"predecessor-version":[{"id":1037,"href":"https:\/\/www.ogv-schussenried.de\/wordpress\/wp-json\/wp\/v2\/posts\/1036\/revisions\/1037"}],"wp:attachment":[{"href":"https:\/\/www.ogv-schussenried.de\/wordpress\/wp-json\/wp\/v2\/media?parent=1036"}],"wp:term":[{"taxonomy":"category","embeddable":true,"href":"https:\/\/www.ogv-schussenried.de\/wordpress\/wp-json\/wp\/v2\/categories?post=1036"},{"taxonomy":"post_tag","embeddable":true,"href":"https:\/\/www.ogv-schussenried.de\/wordpress\/wp-json\/wp\/v2\/tags?post=1036"}],"curies":[{"name":"wp","href":"https:\/\/api.w.org\/{rel}","templated":true}]}}